{"id":1239,"date":"2017-10-19T20:42:21","date_gmt":"2017-10-19T18:42:21","guid":{"rendered":"https:\/\/www.landhotel-stern.de\/en\/weihnachten-faellt-aus-josef-gesteht-alles-mit-stephan-bauer-am-so-10-dezember-2017\/"},"modified":"2024-02-13T12:00:56","modified_gmt":"2024-02-13T11:00:56","slug":"weihnachten-faellt-aus-josef-gesteht-alles-mit-stephan-bauer-am-so-10-dezember-2017","status":"publish","type":"post","link":"https:\/\/www.landhotel-stern.de\/en\/weihnachten-faellt-aus-josef-gesteht-alles-mit-stephan-bauer-am-so-10-dezember-2017\/","title":{"rendered":"Weihnachten f\u00e4llt aus &#8211; Josef gesteht alles !!!  mit Stephan Bauer am So. 10. Dezember 2017"},"content":{"rendered":"<div  class='avia-slideshow av-av_slideshow-87eb36249f03229997498418606a1bb7 avia-slideshow-medium av_slideshow avia-fade-slider  avia-builder-el-0  el_before_av_three_fifth  avia-builder-el-first  av-slideshow-ui av-slideshow-autoplay av-loop-endless av-loop-manual-endless av-default-height-applied avia-slideshow-1' data-slideshow-options=\"{&quot;animation&quot;:&quot;fade&quot;,&quot;autoplay&quot;:true,&quot;loop_autoplay&quot;:&quot;endless&quot;,&quot;interval&quot;:5,&quot;loop_manual&quot;:&quot;manual-endless&quot;,&quot;autoplay_stopper&quot;:false,&quot;noNavigation&quot;:false,&quot;bg_slider&quot;:false,&quot;keep_padding&quot;:false,&quot;hoverpause&quot;:false,&quot;show_slide_delay&quot;:0}\"  itemprop=\"image\" itemscope=\"itemscope\" itemtype=\"https:\/\/schema.org\/ImageObject\" ><ul class='avia-slideshow-inner ' style='padding-bottom: 98%;'><li  class='avia-slideshow-slide av-av_slideshow-87eb36249f03229997498418606a1bb7__0  av-single-slide slide-1 slide-odd'><div data-rel='slideshow-1' class='avia-slide-wrap '   ><img fetchpriority=\"high\" class=\"wp-image-2150 avia-img-lazy-loading-not-2150\"  src='https:\/\/www.landhotel-stern.de\/wp-content\/uploads\/2017\/10\/programm_weihnachten-e1508439079261.jpg' width='150' height='147' title='programm_weihnachten' alt=''  itemprop=\"thumbnailUrl\"   \/><\/div><\/li><\/ul><\/div>\n\n<style type=\"text\/css\" data-created_by=\"avia_inline_auto\" id=\"style-css-av-av_three_fifth-352b07ef7d3bc99b2e9f92e7a9e06bdb\">\n.flex_column.av-av_three_fifth-352b07ef7d3bc99b2e9f92e7a9e06bdb{\nborder-radius:0px 0px 0px 0px;\npadding:0px 0px 0px 0px;\n}\n<\/style>\n<div  class='flex_column av-av_three_fifth-352b07ef7d3bc99b2e9f92e7a9e06bdb av_three_fifth  avia-builder-el-1  el_after_av_slideshow  el_before_av_two_fifth  first flex_column_div av-zero-column-padding  '     ><section  class='av_textblock_section av-av_textblock-0366cc7376be6c9e82a3e9cc8987b64f '   itemscope=\"itemscope\" itemtype=\"https:\/\/schema.org\/BlogPosting\" itemprop=\"blogPost\" ><div class='avia_textblock'  itemprop=\"text\" ><h3><\/h3>\n<h3>\u201eWeihnachten f\u00e4llt aus &#8211; Josef gesteht alles!\u201c<\/h3>\n<p>Alle Jahre wieder kommt das Christuskind\u2026und macht nichts als \u00c4rger. Streitende Familien, brennende Tannenb\u00e4ume und gestresste Menschen, die in der Vorweihnachtszeit durch Innenst\u00e4dte hetzen, auf der verzweifelten Suche nach Geschenken. Wenn wir ehrlich sind, hat man in der Adventszeit den Eindruck, Bethlehem war eine Filiale von REWE. Und wenn dann alle fix und fertig sind vom Einkaufsmarathon, f\u00e4llt am Heiligabend die Familie ein: die allein erziehende Schwester, die schlecht h\u00f6rende Oma und die zickige Patentante mit ihrem Scho\u00dfh\u00fcndchen. Mama kocht, was das Zeug h\u00e4lt und Papa ist total genervt, weil die Gans nicht auf dem Teller liegt, sondern neben ihm sitzt. Ideale Voraussetzungen f\u00fcr ein &#8220;rohes Fest&#8221;\u2026<br \/>\nStephan Bauers erstes Weihnachtsprogramm ist die gnadenlos komische Antwort auf die apokalyptischen Seiten des Weihnachtsfestes &#8211; mit nur einem Ziel: dass es in dieser Zeit wenigstens einmal ordentlich was zu lachen gibt. Raus also aus der Weihnachtsdepression! Lasst uns dieses Fest mit der winterlichen Idylle, Tannenbaum und Schneeflocken wieder genie\u00dfen &#8211; solange es der Klimawandel noch zul\u00e4sst. Denn sp\u00e4testens in 50 Jahren kommt der Weihnachtsmann mit dem Surfbrett!<\/p>\n<p><a href=\"http:\/\/www.stephanbauer-kabarett.de\" target=\"_blank\" rel=\"noopener\">www.stephanbauer-kabarett.de<\/a><\/p>\n<\/div><\/section><\/div>\n\n<style type=\"text\/css\" data-created_by=\"avia_inline_auto\" id=\"style-css-av-av_two_fifth-2a64de42b738552fe666ca889af77e28\">\n.flex_column.av-av_two_fifth-2a64de42b738552fe666ca889af77e28{\nborder-radius:0px 0px 0px 0px;\npadding:0px 0px 0px 0px;\n}\n<\/style>\n<div  class='flex_column av-av_two_fifth-2a64de42b738552fe666ca889af77e28 av_two_fifth  avia-builder-el-3  el_after_av_three_fifth  el_before_av_one_full  flex_column_div av-zero-column-padding  '     ><div  class='avia-icon-list-container av-av_iconlist-a98d21aa7682842f3ee59bf46c3a11b8  avia-builder-el-4  avia-builder-el-no-sibling '><ul class='avia-icon-list avia_animate_when_almost_visible avia-icon-list-left av-iconlist-big av-av_iconlist-a98d21aa7682842f3ee59bf46c3a11b8 avia-iconlist-animate'>\n<li><div class='iconlist_icon av-av_iconlist_item-777d4b665963b29d95351763b041b052 avia-font-entypo-fontello'><span class='iconlist-char' aria-hidden='true' data-av_icon='\ue85b' data-av_iconfont='entypo-fontello'><\/span><\/div><article class=\"article-icon-entry \"  itemscope=\"itemscope\" itemtype=\"https:\/\/schema.org\/BlogPosting\" itemprop=\"blogPost\" ><div class=\"iconlist_content_wrap\"><header class=\"entry-content-header\"><h4 class='av_iconlist_title iconlist_title  '  itemprop=\"headline\" >46. Dinner-Kabarett<\/h4><\/header><div class='iconlist_content '  itemprop=\"text\" ><p>Sonntag,\u00a010. Dezember 2017<\/p>\n<\/div><\/div><footer class=\"entry-footer\"><\/footer><\/article><div class=\"iconlist-timeline\"><\/div><\/li>\n<li><div class='iconlist_icon av-av_iconlist_item-0f24e0142cb3f8da1d9fd5b4f6e0ccbf avia-font-entypo-fontello'><span class='iconlist-char' aria-hidden='true' data-av_icon='\ue862' data-av_iconfont='entypo-fontello'><\/span><\/div><article class=\"article-icon-entry \"  itemscope=\"itemscope\" itemtype=\"https:\/\/schema.org\/BlogPosting\" itemprop=\"blogPost\" ><div class=\"iconlist_content_wrap\"><header class=\"entry-content-header\"><h4 class='av_iconlist_title iconlist_title  '  itemprop=\"headline\" >Einlass<\/h4><\/header><div class='iconlist_content '  itemprop=\"text\" ><p>17.00 Uhr<\/p>\n<\/div><\/div><footer class=\"entry-footer\"><\/footer><\/article><div class=\"iconlist-timeline\"><\/div><\/li>\n<li><div class='iconlist_icon av-av_iconlist_item-63fff534b0dbaa8897cc394cb9344682 avia-font-entypo-fontello'><span class='iconlist-char' aria-hidden='true' data-av_icon='\ue862' data-av_iconfont='entypo-fontello'><\/span><\/div><article class=\"article-icon-entry \"  itemscope=\"itemscope\" itemtype=\"https:\/\/schema.org\/BlogPosting\" itemprop=\"blogPost\" ><div class=\"iconlist_content_wrap\"><header class=\"entry-content-header\"><h4 class='av_iconlist_title iconlist_title  '  itemprop=\"headline\" >Beginn<\/h4><\/header><div class='iconlist_content '  itemprop=\"text\" ><p>18.00 Uhr<\/p>\n<\/div><\/div><footer class=\"entry-footer\"><\/footer><\/article><div class=\"iconlist-timeline\"><\/div><\/li>\n<li><div class='iconlist_icon av-av_iconlist_item-5d784c7421b66be8de348b6a08c32b7f avia-font-entypo-fontello'><span class='iconlist-char' aria-hidden='true' data-av_icon='\ue80a' data-av_iconfont='entypo-fontello'><\/span><\/div><article class=\"article-icon-entry \"  itemscope=\"itemscope\" itemtype=\"https:\/\/schema.org\/BlogPosting\" itemprop=\"blogPost\" ><div class=\"iconlist_content_wrap\"><header class=\"entry-content-header\"><h4 class='av_iconlist_title iconlist_title  '  itemprop=\"headline\" >Kabarett und Men\u00fc<\/h4><\/header><div class='iconlist_content '  itemprop=\"text\" ><p>52 \u20ac pro Person<\/p>\n<\/div><\/div><footer class=\"entry-footer\"><\/footer><\/article><div class=\"iconlist-timeline\"><\/div><\/li>\n<li><div class='iconlist_icon av-av_iconlist_item-770720636ed2d4699d6298c4e22fd736 avia-font-entypo-fontello'><span class='iconlist-char' aria-hidden='true' data-av_icon='\ue81e' data-av_iconfont='entypo-fontello'><\/span><\/div><article class=\"article-icon-entry \"  itemscope=\"itemscope\" itemtype=\"https:\/\/schema.org\/BlogPosting\" itemprop=\"blogPost\" ><div class=\"iconlist_content_wrap\"><header class=\"entry-content-header\"><h4 class='av_iconlist_title iconlist_title  '  itemprop=\"headline\" >Weitere Info, Men\u00fc und Karten (nur im Vorverkauf) <\/h4><\/header><div class='iconlist_content '  itemprop=\"text\" ><p>Telefon 0 93 71 &#8211; 28 34 oder<br \/>\n<a href=\"mailto:info@dinner-kabarett.de\" target=\"_blank\" rel=\"noopener\">info@dinner-kabarett.de<\/a><\/p>\n<\/div><\/div><footer class=\"entry-footer\"><\/footer><\/article><div class=\"iconlist-timeline\"><\/div><\/li>\n<\/ul><\/div><\/div>\n\n<style type=\"text\/css\" data-created_by=\"avia_inline_auto\" id=\"style-css-av-av_one_full-9497bbf8bff73ea4c6992cc17fa9ec36\">\n.flex_column.av-av_one_full-9497bbf8bff73ea4c6992cc17fa9ec36{\nborder-radius:0px 0px 0px 0px;\npadding:0px 0px 0px 0px;\n}\n<\/style>\n<div  class='flex_column av-av_one_full-9497bbf8bff73ea4c6992cc17fa9ec36 av_one_full  avia-builder-el-5  el_after_av_two_fifth  avia-builder-el-last  first flex_column_div av-zero-column-padding  '     ><p><div  class='hr av-av_hr-dcd2069817a0e3d34ae04cad8f3443c7 hr-default  avia-builder-el-6  el_before_av_textblock  avia-builder-el-first '><span class='hr-inner '><span class=\"hr-inner-style\"><\/span><\/span><\/div><br \/>\n<section  class='av_textblock_section av-av_textblock-0366cc7376be6c9e82a3e9cc8987b64f '   itemscope=\"itemscope\" itemtype=\"https:\/\/schema.org\/BlogPosting\" itemprop=\"blogPost\" ><div class='avia_textblock'  itemprop=\"text\" ><p style=\"text-align: center;\"><span style=\"text-decoration: underline;\"><strong><strong>Das Kulinarische<\/strong><\/strong><\/span><\/p>\n<p style=\"text-align: center;\"><strong><em>T\u00f6rtchen von Lachs und Zander<\/em><\/strong><\/p>\n<p style=\"text-align: center;\"><strong><em>an Estragon-Safran-Creme fraiche mit mariniertem Fenchel<\/em><\/strong><\/p>\n<p style=\"text-align: center;\"><strong><em>*<\/em><\/strong><\/p>\n<p style=\"text-align: center;\"><strong><em>Rahms\u00fcppchen vom Muskat-K\u00fcrbis mit Zimt-Kracherli<\/em><\/strong><\/p>\n<p style=\"text-align: center;\"><strong><em>*<\/em><\/strong><\/p>\n<p style=\"text-align: center;\"><strong><em>Tranche vom Jungrind-Entrec\u00f4te auf Rotwein-Schmorgem\u00fcse<\/em><\/strong><\/p>\n<p style=\"text-align: center;\"><strong><em>mit Oliven-Kartoffelstampf<\/em><\/strong><\/p>\n<p style=\"text-align: center;\"><strong><em>*<\/em><\/strong><\/p>\n<p style=\"text-align: center;\"><strong><em>Gl\u00fchwein-Kirschen mit Karamel-Mousse<\/em><\/strong><\/p>\n<p style=\"text-align: center;\"><strong><em>und Cappuccino-Eis im Hippenk\u00f6rbchen<\/em><\/strong><\/p>\n<h3 style=\"text-align: center;\"><em>***<\/em><\/h3>\n<\/div><\/section><\/p><\/div>\n","protected":false},"excerpt":{"rendered":"","protected":false},"author":1,"featured_media":2150,"comment_status":"closed","ping_status":"closed","sticky":false,"template":"","format":"standard","meta":{"footnotes":""},"categories":[14],"tags":[],"_links":{"self":[{"href":"https:\/\/www.landhotel-stern.de\/en\/wp-json\/wp\/v2\/posts\/1239"}],"collection":[{"href":"https:\/\/www.landhotel-stern.de\/en\/wp-json\/wp\/v2\/posts"}],"about":[{"href":"https:\/\/www.landhotel-stern.de\/en\/wp-json\/wp\/v2\/types\/post"}],"author":[{"embeddable":true,"href":"https:\/\/www.landhotel-stern.de\/en\/wp-json\/wp\/v2\/users\/1"}],"replies":[{"embeddable":true,"href":"https:\/\/www.landhotel-stern.de\/en\/wp-json\/wp\/v2\/comments?post=1239"}],"version-history":[{"count":1,"href":"https:\/\/www.landhotel-stern.de\/en\/wp-json\/wp\/v2\/posts\/1239\/revisions"}],"predecessor-version":[{"id":2604,"href":"https:\/\/www.landhotel-stern.de\/en\/wp-json\/wp\/v2\/posts\/1239\/revisions\/2604"}],"wp:featuredmedia":[{"embeddable":true,"href":"https:\/\/www.landhotel-stern.de\/en\/wp-json\/wp\/v2\/media\/2150"}],"wp:attachment":[{"href":"https:\/\/www.landhotel-stern.de\/en\/wp-json\/wp\/v2\/media?parent=1239"}],"wp:term":[{"taxonomy":"category","embeddable":true,"href":"https:\/\/www.landhotel-stern.de\/en\/wp-json\/wp\/v2\/categories?post=1239"},{"taxonomy":"post_tag","embeddable":true,"href":"https:\/\/www.landhotel-stern.de\/en\/wp-json\/wp\/v2\/tags?post=1239"}],"curies":[{"name":"wp","href":"https:\/\/api.w.org\/{rel}","templated":true}]}}